{"id":897,"date":"2022-01-04T11:00:06","date_gmt":"2022-01-04T11:00:06","guid":{"rendered":"https:\/\/www.decaminada.pro\/?p=897"},"modified":"2022-01-05T11:29:14","modified_gmt":"2022-01-05T11:29:14","slug":"prestazione-dopera-occasionale-nuovi-obblighi-e-sanzioni","status":"publish","type":"post","link":"https:\/\/www.decaminada.pro\/?p=897","title":{"rendered":"Prestazione d&#8217;opera occasionale: nuovi obblighi e sanzioni"},"content":{"rendered":"<p><span style=\"font-weight: 400;\">Il<\/span> \u00a0<a href=\"https:\/\/www.gazzettaufficiale.it\/atto\/serie_generale\/caricaDettaglioAtto\/originario?atto.dataPubblicazioneGazzetta=2021-12-20&amp;atto.codiceRedazionale=21A07536&amp;elenco30giorni=true\"><span style=\"font-weight: 400;\">decreto legge 146 del 2021<\/span><\/a><span style=\"font-weight: 400;\">, convertito nella legge 215 in dal 21.12.2021, porta un simpatico regalo sotto l&#8217;albero per quanto riguarda coloro che commissionano una <\/span><b>prestazione d&#8217;opera occasionale.\u00a0<\/b><\/p>\n<p><span style=\"font-weight: 400;\">Parliamo appunto del lavoro autonomo occasionale che trae origine dalla definizione civilistica di <\/span><b>contratto d\u2019opera<\/b><span style=\"font-weight: 400;\"> (art. 2222 c.c.), che si realizza \u201c[&#8230;] <\/span><i><span style=\"font-weight: 400;\">quando una persona si obbliga a compiere verso un corrispettivo un\u2019opera o un servizio, con lavoro prevalentemente proprio e senza vincolo di subordinazione nei confronti del committente <\/span><\/i><span style=\"font-weight: 400;\">[&#8230;]\u201d. Si tratta quindi di tutte quelle prestazioni lavorative che non prevedono la subordinazione da parte del committente ma che non richiedono neanche l\u2019apertura della partita IVA, in quanto aventi appunto natura occasionale e non abituale.\u00a0<\/span><\/p>\n<p>&nbsp;<\/p>\n<h2><span style=\"font-weight: 400;\">Obbligo di comunicazione preventiva della prestazione d\u2019opera occasionale per il committente<\/span><\/h2>\n<p><span style=\"font-weight: 400;\">Una delle principali novit\u00e0 introdotte dall cosiddetto decreto fisco-lavoro \u00e8<\/span><b> l\u2019obbligo per chi utilizza contratti di lavoro autonomo occasionale di effettuare una preventiva comunicazione all&#8217;Ispettorato del lavoro, competente per territorio<\/b><span style=\"font-weight: 400;\">.<\/span><\/p>\n<p><span style=\"font-weight: 400;\">Mancano ancora le modalit\u00e0 attuative ma si ritiene che saranno le stesse utilizzate per il lavoro intermittente, quindi mediante SMS o posta elettronica.<\/span><\/p>\n<p>&nbsp;<\/p>\n<h2><span style=\"font-weight: 400;\">Sanzioni per chi non comunica la prestazione d\u2019opera occasionale ricevuta<\/span><\/h2>\n<p><span style=\"font-weight: 400;\">La mancata comunicazione comporta l&#8217;applicazione della <\/span><b>sanzione amministrativa da 500 a 2.500 euro<\/b><span style=\"font-weight: 400;\"> per ciascun lavoratore autonomo occasionale per cui \u00e8 stata omessa o ritardata la comunicazione.\u00a0<\/span><\/p>\n<p><b>Il lavoratore occasionale che svolge attivit\u00e0 in azienda senza le prescritte formalit\u00e0 \u00e8 considerato a tutti gli effetti &#8220;irregolare&#8221;.<\/b><\/p>\n<p><span style=\"font-weight: 400;\">Nei casi pi\u00f9 gravi (qualora il numero di lavoratori irregolari sia superiore al 10% del totale degli occupati)\u00a0 potr\u00e0 essere applicata la sanzione della sospensione dell&#8217;attivit\u00e0 imprenditoriale.<\/span><\/p>\n<p><span style=\"font-weight: 400;\">Per chiarezza espositiva si precisa che quanto sopra<\/span><b> NON si applica<\/b><span style=\"font-weight: 400;\"> a coloro che collaborano con l&#8217;azienda in forma professionale in quanto <\/span><b>titolari di partita IVA<\/b><span style=\"font-weight: 400;\">.<\/span><\/p>\n<p><span style=\"font-weight: 400;\">Ricordiamo infine, che lo Studio Decaminada \u00e8 come sempre a tua disposizione per ogni delucidazione. <\/span><a href=\"https:\/\/www.decaminada.pro\/contatti\/\"><span style=\"font-weight: 400;\">Contattaci ora!<\/span><\/a><\/p>\n<p>&nbsp;<\/p>\n","protected":false},"excerpt":{"rendered":"<p>Il \u00a0decreto legge 146 del 2021, convertito nella legge 215 in dal 21.12.2021, porta un simpatico regalo sotto l&#8217;albero per quanto riguarda coloro che commissionano&hellip;<\/p>\n","protected":false},"author":2,"featured_media":899,"comment_status":"open","ping_status":"open","sticky":false,"template":"","format":"standard","meta":{"footnotes":""},"categories":[8],"tags":[19,17,18],"class_list":["post-897","post","type-post","status-publish","format-standard","has-post-thumbnail","hentry","category-lavoro","tag-ispettorato-del-lavoro","tag-prestazione-dopera-occasionale","tag-sanzione-amministrativa"],"yoast_head":"<!-- This site is optimized with the Yoast SEO plugin v25.2 - https:\/\/yoast.com\/wordpress\/plugins\/seo\/ -->\n<title>Prestazione d&#039;opera occasionale: nuovi obblighi e sanzioni - Studio Decaminada<\/title>\n<meta name=\"description\" content=\"Il decreto legge 146 del 2021 introduce alcune importanti novit\u00e0 per quanto riguarda coloro che ricevono una prestazione d&#039;opera occasionale.\u00a0\" \/>\n<meta name=\"robots\" content=\"index, follow, max-snippet:-1, max-image-preview:large, max-video-preview:-1\" \/>\n<link rel=\"canonical\" href=\"https:\/\/www.decaminada.pro\/?p=897\" \/>\n<meta property=\"og:locale\" content=\"it_IT\" \/>\n<meta property=\"og:type\" content=\"article\" \/>\n<meta property=\"og:title\" content=\"Prestazione d&#039;opera occasionale: nuovi obblighi e sanzioni - Studio Decaminada\" \/>\n<meta property=\"og:description\" content=\"Il decreto legge 146 del 2021 introduce alcune importanti novit\u00e0 per quanto riguarda coloro che ricevono una prestazione d&#039;opera occasionale.\u00a0\" \/>\n<meta property=\"og:url\" content=\"https:\/\/www.decaminada.pro\/?p=897\" \/>\n<meta property=\"og:site_name\" content=\"Studio Decaminada\" \/>\n<meta property=\"article:published_time\" content=\"2022-01-04T11:00:06+00:00\" \/>\n<meta property=\"article:modified_time\" content=\"2022-01-05T11:29:14+00:00\" \/>\n<meta property=\"og:image\" content=\"https:\/\/www.decaminada.pro\/wp-content\/uploads\/2022\/01\/prestazione-d-opera-occasionale-min.png\" \/>\n\t<meta property=\"og:image:width\" content=\"2240\" \/>\n\t<meta property=\"og:image:height\" content=\"1260\" \/>\n\t<meta property=\"og:image:type\" content=\"image\/png\" \/>\n<meta name=\"author\" content=\"Studio Decaminada\" \/>\n<meta name=\"twitter:card\" content=\"summary_large_image\" \/>\n<meta name=\"twitter:label1\" content=\"Scritto da\" \/>\n\t<meta name=\"twitter:data1\" content=\"Studio Decaminada\" \/>\n\t<meta name=\"twitter:label2\" content=\"Tempo di lettura stimato\" \/>\n\t<meta name=\"twitter:data2\" content=\"2 minuti\" \/>\n<script type=\"application\/ld+json\" class=\"yoast-schema-graph\">{\"@context\":\"https:\/\/schema.org\",\"@graph\":[{\"@type\":\"WebPage\",\"@id\":\"https:\/\/www.decaminada.pro\/?p=897\",\"url\":\"https:\/\/www.decaminada.pro\/?p=897\",\"name\":\"Prestazione d'opera occasionale: nuovi obblighi e sanzioni - Studio Decaminada\",\"isPartOf\":{\"@id\":\"https:\/\/www.decaminada.pro\/#website\"},\"primaryImageOfPage\":{\"@id\":\"https:\/\/www.decaminada.pro\/?p=897#primaryimage\"},\"image\":{\"@id\":\"https:\/\/www.decaminada.pro\/?p=897#primaryimage\"},\"thumbnailUrl\":\"https:\/\/www.decaminada.pro\/wp-content\/uploads\/2022\/01\/prestazione-d-opera-occasionale-min.png\",\"datePublished\":\"2022-01-04T11:00:06+00:00\",\"dateModified\":\"2022-01-05T11:29:14+00:00\",\"author\":{\"@id\":\"https:\/\/www.decaminada.pro\/#\/schema\/person\/3ee223da65bed76bff1fa0abc2ec3669\"},\"description\":\"Il decreto legge 146 del 2021 introduce alcune importanti novit\u00e0 per quanto riguarda coloro che ricevono una prestazione d'opera occasionale.\u00a0\",\"breadcrumb\":{\"@id\":\"https:\/\/www.decaminada.pro\/?p=897#breadcrumb\"},\"inLanguage\":\"it-IT\",\"potentialAction\":[{\"@type\":\"ReadAction\",\"target\":[\"https:\/\/www.decaminada.pro\/?p=897\"]}]},{\"@type\":\"ImageObject\",\"inLanguage\":\"it-IT\",\"@id\":\"https:\/\/www.decaminada.pro\/?p=897#primaryimage\",\"url\":\"https:\/\/www.decaminada.pro\/wp-content\/uploads\/2022\/01\/prestazione-d-opera-occasionale-min.png\",\"contentUrl\":\"https:\/\/www.decaminada.pro\/wp-content\/uploads\/2022\/01\/prestazione-d-opera-occasionale-min.png\",\"width\":2240,\"height\":1260,\"caption\":\"prestazione d'opera occasionale\"},{\"@type\":\"BreadcrumbList\",\"@id\":\"https:\/\/www.decaminada.pro\/?p=897#breadcrumb\",\"itemListElement\":[{\"@type\":\"ListItem\",\"position\":1,\"name\":\"Home\",\"item\":\"https:\/\/www.decaminada.pro\/\"},{\"@type\":\"ListItem\",\"position\":2,\"name\":\"Prestazione d&#8217;opera occasionale: nuovi obblighi e sanzioni\"}]},{\"@type\":\"WebSite\",\"@id\":\"https:\/\/www.decaminada.pro\/#website\",\"url\":\"https:\/\/www.decaminada.pro\/\",\"name\":\"Studio Decaminada\",\"description\":\"\",\"potentialAction\":[{\"@type\":\"SearchAction\",\"target\":{\"@type\":\"EntryPoint\",\"urlTemplate\":\"https:\/\/www.decaminada.pro\/?s={search_term_string}\"},\"query-input\":{\"@type\":\"PropertyValueSpecification\",\"valueRequired\":true,\"valueName\":\"search_term_string\"}}],\"inLanguage\":\"it-IT\"},{\"@type\":\"Person\",\"@id\":\"https:\/\/www.decaminada.pro\/#\/schema\/person\/3ee223da65bed76bff1fa0abc2ec3669\",\"name\":\"Studio Decaminada\",\"image\":{\"@type\":\"ImageObject\",\"inLanguage\":\"it-IT\",\"@id\":\"https:\/\/www.decaminada.pro\/#\/schema\/person\/image\/\",\"url\":\"https:\/\/secure.gravatar.com\/avatar\/adabe476fddb8f57d7fd275d716e58048e84ad843509db9c72791c7e7fbfea9b?s=96&d=mm&r=g\",\"contentUrl\":\"https:\/\/secure.gravatar.com\/avatar\/adabe476fddb8f57d7fd275d716e58048e84ad843509db9c72791c7e7fbfea9b?s=96&d=mm&r=g\",\"caption\":\"Studio Decaminada\"},\"url\":\"https:\/\/www.decaminada.pro\/?author=2\"}]}<\/script>\n<!-- \/ Yoast SEO plugin. -->","yoast_head_json":{"title":"Prestazione d'opera occasionale: nuovi obblighi e sanzioni - Studio Decaminada","description":"Il decreto legge 146 del 2021 introduce alcune importanti novit\u00e0 per quanto riguarda coloro che ricevono una prestazione d'opera occasionale.\u00a0","robots":{"index":"index","follow":"follow","max-snippet":"max-snippet:-1","max-image-preview":"max-image-preview:large","max-video-preview":"max-video-preview:-1"},"canonical":"https:\/\/www.decaminada.pro\/?p=897","og_locale":"it_IT","og_type":"article","og_title":"Prestazione d'opera occasionale: nuovi obblighi e sanzioni - Studio Decaminada","og_description":"Il decreto legge 146 del 2021 introduce alcune importanti novit\u00e0 per quanto riguarda coloro che ricevono una prestazione d'opera occasionale.\u00a0","og_url":"https:\/\/www.decaminada.pro\/?p=897","og_site_name":"Studio Decaminada","article_published_time":"2022-01-04T11:00:06+00:00","article_modified_time":"2022-01-05T11:29:14+00:00","og_image":[{"width":2240,"height":1260,"url":"https:\/\/www.decaminada.pro\/wp-content\/uploads\/2022\/01\/prestazione-d-opera-occasionale-min.png","type":"image\/png"}],"author":"Studio Decaminada","twitter_card":"summary_large_image","twitter_misc":{"Scritto da":"Studio Decaminada","Tempo di lettura stimato":"2 minuti"},"schema":{"@context":"https:\/\/schema.org","@graph":[{"@type":"WebPage","@id":"https:\/\/www.decaminada.pro\/?p=897","url":"https:\/\/www.decaminada.pro\/?p=897","name":"Prestazione d'opera occasionale: nuovi obblighi e sanzioni - Studio Decaminada","isPartOf":{"@id":"https:\/\/www.decaminada.pro\/#website"},"primaryImageOfPage":{"@id":"https:\/\/www.decaminada.pro\/?p=897#primaryimage"},"image":{"@id":"https:\/\/www.decaminada.pro\/?p=897#primaryimage"},"thumbnailUrl":"https:\/\/www.decaminada.pro\/wp-content\/uploads\/2022\/01\/prestazione-d-opera-occasionale-min.png","datePublished":"2022-01-04T11:00:06+00:00","dateModified":"2022-01-05T11:29:14+00:00","author":{"@id":"https:\/\/www.decaminada.pro\/#\/schema\/person\/3ee223da65bed76bff1fa0abc2ec3669"},"description":"Il decreto legge 146 del 2021 introduce alcune importanti novit\u00e0 per quanto riguarda coloro che ricevono una prestazione d'opera occasionale.\u00a0","breadcrumb":{"@id":"https:\/\/www.decaminada.pro\/?p=897#breadcrumb"},"inLanguage":"it-IT","potentialAction":[{"@type":"ReadAction","target":["https:\/\/www.decaminada.pro\/?p=897"]}]},{"@type":"ImageObject","inLanguage":"it-IT","@id":"https:\/\/www.decaminada.pro\/?p=897#primaryimage","url":"https:\/\/www.decaminada.pro\/wp-content\/uploads\/2022\/01\/prestazione-d-opera-occasionale-min.png","contentUrl":"https:\/\/www.decaminada.pro\/wp-content\/uploads\/2022\/01\/prestazione-d-opera-occasionale-min.png","width":2240,"height":1260,"caption":"prestazione d'opera occasionale"},{"@type":"BreadcrumbList","@id":"https:\/\/www.decaminada.pro\/?p=897#breadcrumb","itemListElement":[{"@type":"ListItem","position":1,"name":"Home","item":"https:\/\/www.decaminada.pro\/"},{"@type":"ListItem","position":2,"name":"Prestazione d&#8217;opera occasionale: nuovi obblighi e sanzioni"}]},{"@type":"WebSite","@id":"https:\/\/www.decaminada.pro\/#website","url":"https:\/\/www.decaminada.pro\/","name":"Studio Decaminada","description":"","potentialAction":[{"@type":"SearchAction","target":{"@type":"EntryPoint","urlTemplate":"https:\/\/www.decaminada.pro\/?s={search_term_string}"},"query-input":{"@type":"PropertyValueSpecification","valueRequired":true,"valueName":"search_term_string"}}],"inLanguage":"it-IT"},{"@type":"Person","@id":"https:\/\/www.decaminada.pro\/#\/schema\/person\/3ee223da65bed76bff1fa0abc2ec3669","name":"Studio Decaminada","image":{"@type":"ImageObject","inLanguage":"it-IT","@id":"https:\/\/www.decaminada.pro\/#\/schema\/person\/image\/","url":"https:\/\/secure.gravatar.com\/avatar\/adabe476fddb8f57d7fd275d716e58048e84ad843509db9c72791c7e7fbfea9b?s=96&d=mm&r=g","contentUrl":"https:\/\/secure.gravatar.com\/avatar\/adabe476fddb8f57d7fd275d716e58048e84ad843509db9c72791c7e7fbfea9b?s=96&d=mm&r=g","caption":"Studio Decaminada"},"url":"https:\/\/www.decaminada.pro\/?author=2"}]}},"_links":{"self":[{"href":"https:\/\/www.decaminada.pro\/index.php?rest_route=\/wp\/v2\/posts\/897","targetHints":{"allow":["GET"]}}],"collection":[{"href":"https:\/\/www.decaminada.pro\/index.php?rest_route=\/wp\/v2\/posts"}],"about":[{"href":"https:\/\/www.decaminada.pro\/index.php?rest_route=\/wp\/v2\/types\/post"}],"author":[{"embeddable":true,"href":"https:\/\/www.decaminada.pro\/index.php?rest_route=\/wp\/v2\/users\/2"}],"replies":[{"embeddable":true,"href":"https:\/\/www.decaminada.pro\/index.php?rest_route=%2Fwp%2Fv2%2Fcomments&post=897"}],"version-history":[{"count":3,"href":"https:\/\/www.decaminada.pro\/index.php?rest_route=\/wp\/v2\/posts\/897\/revisions"}],"predecessor-version":[{"id":903,"href":"https:\/\/www.decaminada.pro\/index.php?rest_route=\/wp\/v2\/posts\/897\/revisions\/903"}],"wp:featuredmedia":[{"embeddable":true,"href":"https:\/\/www.decaminada.pro\/index.php?rest_route=\/wp\/v2\/media\/899"}],"wp:attachment":[{"href":"https:\/\/www.decaminada.pro\/index.php?rest_route=%2Fwp%2Fv2%2Fmedia&parent=897"}],"wp:term":[{"taxonomy":"category","embeddable":true,"href":"https:\/\/www.decaminada.pro\/index.php?rest_route=%2Fwp%2Fv2%2Fcategories&post=897"},{"taxonomy":"post_tag","embeddable":true,"href":"https:\/\/www.decaminada.pro\/index.php?rest_route=%2Fwp%2Fv2%2Ftags&post=897"}],"curies":[{"name":"wp","href":"https:\/\/api.w.org\/{rel}","templated":true}]}}